{"id":9832,"date":"2024-07-16T12:38:45","date_gmt":"2024-07-16T12:38:45","guid":{"rendered":"https:\/\/www.iber-lepenc.org\/?p=9832"},"modified":"2024-07-16T12:38:47","modified_gmt":"2024-07-16T12:38:47","slug":"","status":"publish","type":"post","link":"https:\/\/www.iber-lepenc.org\/sr\/publikime\/kryeshefi-ekzekutiv-z-faruk-mujka-me-bashkepunetore-mirepriti-ne-liqenin-e-ujman-it-deputetet-e-kuvendit-te-republikes-se-kosoves\/","title":{"rendered":"","raw":""},"content":{"rendered":"","protected":false,"raw":""},"excerpt":{"rendered":"","protected":false,"raw":""},"author":3,"featured_media":7968,"comment_status":"closed","ping_status":"closed","sticky":false,"template":"","format":"standard","meta":{"_sq_post_content":"<!-- wp:paragraph -->\n<p>N\u00eb hidrocentralin e Ujman-it deputet\u00eb t\u00eb Kuvendit t\u00eb Republik\u00ebs s\u00eb Kosov\u00ebs z.Driton Hyseni, znj.Jeta Statovci dhe z.Pal Lekaj u mir\u00ebprit\u00ebn nga kryeshefi ekzekutiv z.Faruk Mujka, kryesuesi i Bordit t\u00eb Drejtor\u00ebve z.Bajram Mustafa dhe bashk\u00ebpun\u00ebtor\u00eb tjer\u00eb t\u00eb nd\u00ebrmarrjes hidroekonomike \u201cIber Lepenc\u201d sh.a., ku u njoftuan p\u00ebr s\u00eb af\u00ebrmi me informata lidhur me menaxhimin e k\u00ebtij aseti vital t\u00eb vendit ton\u00eb, me sasin\u00eb e ujit t\u00eb hidrocentralit, sukseset, nevojat dhe sfidat e Iber Lepenc-it. Gjat\u00eb k\u00ebsaj vizite u diskutua edhe performanca e nd\u00ebrmarrjes, siguria e dig\u00ebs dhe mund\u00ebsit\u00eb p\u00ebr investime n\u00eb hidrocentral dhe p\u00ebrgjat\u00eb kanalit. \u00a0<\/p>\n<!-- \/wp:paragraph -->\n\n<!-- wp:paragraph -->\n<p><\/p>\n<!-- \/wp:paragraph -->\n\n<!-- wp:image {\"id\":9826,\"sizeSlug\":\"full\",\"linkDestination\":\"none\"} -->\n<figure class=\"wp-block-image size-full\"><img src=\"https:\/\/www.iber-lepenc.org\/wp-content\/uploads\/2024\/07\/1.jpg\" alt=\"\" class=\"wp-image-9826\"\/><\/figure>\n<!-- \/wp:image -->\n\n<!-- wp:image {\"id\":9827,\"sizeSlug\":\"full\",\"linkDestination\":\"none\"} -->\n<figure class=\"wp-block-image size-full\"><img src=\"https:\/\/www.iber-lepenc.org\/wp-content\/uploads\/2024\/07\/2.jpg\" alt=\"\" class=\"wp-image-9827\"\/><\/figure>\n<!-- \/wp:image -->\n\n<!-- wp:image {\"id\":9828,\"sizeSlug\":\"full\",\"linkDestination\":\"none\"} -->\n<figure class=\"wp-block-image size-full\"><img src=\"https:\/\/www.iber-lepenc.org\/wp-content\/uploads\/2024\/07\/3.jpg\" alt=\"\" class=\"wp-image-9828\"\/><\/figure>\n<!-- \/wp:image -->\n\n<!-- wp:image {\"id\":9829,\"sizeSlug\":\"full\",\"linkDestination\":\"none\"} -->\n<figure class=\"wp-block-image size-full\"><img src=\"https:\/\/www.iber-lepenc.org\/wp-content\/uploads\/2024\/07\/4.jpg\" alt=\"\" class=\"wp-image-9829\"\/><\/figure>\n<!-- \/wp:image -->\n\n<!-- wp:image {\"id\":9830,\"sizeSlug\":\"full\",\"linkDestination\":\"none\"} -->\n<figure class=\"wp-block-image size-full\"><img src=\"https:\/\/www.iber-lepenc.org\/wp-content\/uploads\/2024\/07\/5.jpg\" alt=\"\" class=\"wp-image-9830\"\/><\/figure>\n<!-- \/wp:image -->\n\n<!-- wp:image {\"id\":9831,\"sizeSlug\":\"full\",\"linkDestination\":\"none\"} -->\n<figure class=\"wp-block-image size-full\"><img src=\"https:\/\/www.iber-lepenc.org\/wp-content\/uploads\/2024\/07\/6.jpg\" alt=\"\" class=\"wp-image-9831\"\/><\/figure>\n<!-- \/wp:image -->\n\n<!-- wp:image {\"id\":9825,\"sizeSlug\":\"full\",\"linkDestination\":\"none\"} -->\n<figure class=\"wp-block-image size-full\"><img src=\"https:\/\/www.iber-lepenc.org\/wp-content\/uploads\/2024\/07\/7.jpg\" alt=\"\" class=\"wp-image-9825\"\/><\/figure>\n<!-- \/wp:image -->","_sq_post_name":"kryeshefi-ekzekutiv-z-faruk-mujka-me-bashkepunetore-mirepriti-ne-liqenin-e-ujman-it-deputetet-e-kuvendit-te-republikes-se-kosoves","_sq_post_excerpt":"","_sq_post_title":"Kryeshefi ekzekutiv z.Faruk Mujka me bashk\u00ebpun\u00ebtor\u00eb mir\u00ebpriti n\u00eb liqenin e Ujman-it deputet\u00ebt e Kuvendit t\u00eb Republik\u00ebs s\u00eb Kosov\u00ebs","_en_post_content":"","_en_post_name":"","_en_post_excerpt":"","_en_post_title":"","_sr_post_content":"","_sr_post_name":"","_sr_post_excerpt":"","_sr_post_title":"","edit_language":"sr","footnotes":""},"categories":[44],"tags":[],"class_list":["post-9832","post","type-post","status-publish","format-standard","has-post-thumbnail","hentry","category-publikime"],"publishpress_future_action":{"enabled":false,"date":"2026-05-06 22:56:06","action":"change-status","newStatus":"draft","terms":[],"taxonomy":"category","extraData":[]},"publishpress_future_workflow_manual_trigger":{"enabledWorkflows":[]},"_links":{"self":[{"href":"https:\/\/www.iber-lepenc.org\/sr\/wp-json\/wp\/v2\/posts\/9832","targetHints":{"allow":["GET"]}}],"collection":[{"href":"https:\/\/www.iber-lepenc.org\/sr\/wp-json\/wp\/v2\/posts"}],"about":[{"href":"https:\/\/www.iber-lepenc.org\/sr\/wp-json\/wp\/v2\/types\/post"}],"author":[{"embeddable":true,"href":"https:\/\/www.iber-lepenc.org\/sr\/wp-json\/wp\/v2\/users\/3"}],"replies":[{"embeddable":true,"href":"https:\/\/www.iber-lepenc.org\/sr\/wp-json\/wp\/v2\/comments?post=9832"}],"version-history":[{"count":1,"href":"https:\/\/www.iber-lepenc.org\/sr\/wp-json\/wp\/v2\/posts\/9832\/revisions"}],"predecessor-version":[{"id":9833,"href":"https:\/\/www.iber-lepenc.org\/sr\/wp-json\/wp\/v2\/posts\/9832\/revisions\/9833"}],"wp:featuredmedia":[{"embeddable":true,"href":"https:\/\/www.iber-lepenc.org\/sr\/wp-json\/wp\/v2\/media\/7968"}],"wp:attachment":[{"href":"https:\/\/www.iber-lepenc.org\/sr\/wp-json\/wp\/v2\/media?parent=9832"}],"wp:term":[{"taxonomy":"category","embeddable":true,"href":"https:\/\/www.iber-lepenc.org\/sr\/wp-json\/wp\/v2\/categories?post=9832"},{"taxonomy":"post_tag","embeddable":true,"href":"https:\/\/www.iber-lepenc.org\/sr\/wp-json\/wp\/v2\/tags?post=9832"}],"curies":[{"name":"wp","href":"https:\/\/api.w.org\/{rel}","templated":true}]}}