{"id":7278,"date":"2022-12-11T23:47:49","date_gmt":"2022-12-11T23:47:49","guid":{"rendered":"https:\/\/iberlepenci.hajt24.xyz\/?p=7278"},"modified":"2022-12-11T23:52:13","modified_gmt":"2022-12-11T23:52:13","slug":"","status":"publish","type":"post","link":"https:\/\/www.iber-lepenc.org\/sr\/publikime\/miratimi-i-raportit-vjetor-te-nderrmarjes-n-h-iber-lepenc-per-vitin-2021\/","title":{"rendered":"","raw":""},"content":{"rendered":"\t\t<div data-elementor-type=\"wp-post\" data-elementor-id=\"7278\" class=\"elementor elementor-7278\">\n\t\t\t\t\t\t<section class=\"elementor-section elementor-top-section elementor-element elementor-element-75091f43 elementor-section-boxed elementor-section-height-default elementor-section-height-default\" data-id=\"75091f43\" data-element_type=\"section\">\n\t\t\t\t\t\t<div class=\"elementor-container elementor-column-gap-default\">\n\t\t\t\t\t<div class=\"elementor-column elementor-col-100 elementor-top-column elementor-element elementor-element-f71e684\" data-id=\"f71e684\" data-element_type=\"column\">\n\t\t\t<div class=\"elementor-widget-wrap elementor-element-populated\">\n\t\t\t\t\t\t<div class=\"elementor-element elementor-element-57d9e92 elementor-widget elementor-widget-creote-simple-image-box-v1\" data-id=\"57d9e92\" data-element_type=\"widget\" data-widget_type=\"creote-simple-image-box-v1.default\">\n\t\t\t\t<div class=\"elementor-widget-container\">\n\t\t\t\t\t<div class=\"simple_image_boxes  parallax_cover\"   data-aos=\"fade-up\" data-aos-delay=\"0\"  data-aos-offset=\"0\" >\r\n   <img decoding=\"async\" src=\"https:\/\/iberlepenci.hajt24.xyz\/wp-content\/uploads\/2022\/12\/312751664_424269849908787_1332057231027264918_n.jpg\" class=\"simp_img cover-parallax\" alt=\"image\" \/>\r\n<\/div>\r\n\t\t\t\t<\/div>\n\t\t\t\t<\/div>\n\t\t\t\t\t<\/div>\n\t\t<\/div>\n\t\t\t\t\t<\/div>\n\t\t<\/section>\n\t\t\t\t<section class=\"elementor-section elementor-top-section elementor-element elementor-element-06ec29a elementor-section-boxed elementor-section-height-default elementor-section-height-default\" data-id=\"06ec29a\" data-element_type=\"section\">\n\t\t\t\t\t\t<div class=\"elementor-container elementor-column-gap-default\">\n\t\t\t\t\t<div class=\"elementor-column elementor-col-100 elementor-top-column elementor-element elementor-element-75a9543\" data-id=\"75a9543\" data-element_type=\"column\">\n\t\t\t<div class=\"elementor-widget-wrap elementor-element-populated\">\n\t\t\t\t\t\t<div class=\"elementor-element elementor-element-7329e0f elementor-widget elementor-widget-text-editor\" data-id=\"7329e0f\" data-element_type=\"widget\" data-widget_type=\"text-editor.default\">\n\t\t\t\t<div class=\"elementor-widget-container\">\n\t\t\t\t\t\t\t\t\t<p>N\u00eb vazhd\u00ebn e pun\u00ebve dhe misionit t\u00eb besuar nga Qeveria e Kosov\u00ebs, sot me dat\u00eb 27.10.2022 prit\u00ebm n\u00eb vizit\u00eb pune z. Getoar Mjeku &#8211; zv. Minist\u00ebr i Ekonomis\u00eb s\u00eb bashku me koleg\u00ebt nga Nj\u00ebsia p\u00ebr Monitorim dhe Politika t\u00eb Nd\u00ebrmarrjeve Publike. N\u00eb takim u diskutuan shum\u00eb tema nd\u00ebr m\u00eb t\u00eb r\u00ebnd\u00ebsishmet ajo e raportit t\u00eb Zyr\u00ebs s\u00eb Auditorit Gjeneral p\u00ebr Pasqyrat financiare t\u00eb audituara t\u00eb vitit 2021 si dhe Performanca e Menaxhmentit t\u00eb Kompanis\u00eb.<br>\nKrejt n\u00eb fund u miratua edhe Raporti Vjetor i Nd\u00ebrmarrjes N.H. \u201cIber Lepenc\u201d p\u00ebr vitin 2021.<\/p>\t\t\t\t\t\t\t\t<\/div>\n\t\t\t\t<\/div>\n\t\t\t\t\t<\/div>\n\t\t<\/div>\n\t\t\t\t\t<\/div>\n\t\t<\/section>\n\t\t\t\t<\/div>\n\t\t","protected":false,"raw":""},"excerpt":{"rendered":"","protected":false,"raw":""},"author":1,"featured_media":7280,"comment_status":"closed","ping_status":"closed","sticky":false,"template":"","format":"standard","meta":{"_sq_post_content":"<img src=\"https:\/\/iberlepenci.hajt24.xyz\/wp-content\/uploads\/2022\/12\/312751664_424269849908787_1332057231027264918_n.jpg\" alt=\"image\">\n\nN\u00eb vazhd\u00ebn e pun\u00ebve dhe misionit t\u00eb besuar nga Qeveria e Kosov\u00ebs, sot me dat\u00eb 27.10.2022 prit\u00ebm n\u00eb vizit\u00eb pune z. Getoar Mjeku - zv. Minist\u00ebr i Ekonomis\u00eb s\u00eb bashku me koleg\u00ebt nga Nj\u00ebsia p\u00ebr Monitorim dhe Politika t\u00eb Nd\u00ebrmarrjeve Publike. N\u00eb takim u diskutuan shum\u00eb tema nd\u00ebr m\u00eb t\u00eb r\u00ebnd\u00ebsishmet ajo e raportit t\u00eb Zyr\u00ebs s\u00eb Auditorit Gjeneral p\u00ebr Pasqyrat financiare t\u00eb audituara t\u00eb vitit 2021 si dhe Performanca e Menaxhmentit t\u00eb Kompanis\u00eb.\nKrejt n\u00eb fund u miratua edhe Raporti Vjetor i Nd\u00ebrmarrjes N.H. \u201cIber Lepenc\u201d p\u00ebr vitin 2021.","_sq_post_name":"miratimi-i-raportit-vjetor-te-nderrmarjes-n-h-iber-lepenc-per-vitin-2021","_sq_post_excerpt":"","_sq_post_title":"Miratimi i Raportit Vjetor t\u00eb Nd\u00ebrrmarjes N.H. \"Iber Lepenc\" p\u00ebr vitin 2021","_en_post_content":"","_en_post_name":"","_en_post_excerpt":"","_en_post_title":"","_sr_post_content":"","_sr_post_name":"","_sr_post_excerpt":"","_sr_post_title":"","edit_language":"sr","footnotes":""},"categories":[44],"tags":[],"class_list":["post-7278","post","type-post","status-publish","format-standard","has-post-thumbnail","hentry","category-publikime"],"publishpress_future_action":{"enabled":false,"date":"2026-05-06 10:48:55","action":"change-status","newStatus":"draft","terms":[],"taxonomy":"category","extraData":[]},"publishpress_future_workflow_manual_trigger":{"enabledWorkflows":[]},"_links":{"self":[{"href":"https:\/\/www.iber-lepenc.org\/sr\/wp-json\/wp\/v2\/posts\/7278","targetHints":{"allow":["GET"]}}],"collection":[{"href":"https:\/\/www.iber-lepenc.org\/sr\/wp-json\/wp\/v2\/posts"}],"about":[{"href":"https:\/\/www.iber-lepenc.org\/sr\/wp-json\/wp\/v2\/types\/post"}],"author":[{"embeddable":true,"href":"https:\/\/www.iber-lepenc.org\/sr\/wp-json\/wp\/v2\/users\/1"}],"replies":[{"embeddable":true,"href":"https:\/\/www.iber-lepenc.org\/sr\/wp-json\/wp\/v2\/comments?post=7278"}],"version-history":[{"count":0,"href":"https:\/\/www.iber-lepenc.org\/sr\/wp-json\/wp\/v2\/posts\/7278\/revisions"}],"wp:featuredmedia":[{"embeddable":true,"href":"https:\/\/www.iber-lepenc.org\/sr\/wp-json\/wp\/v2\/media\/7280"}],"wp:attachment":[{"href":"https:\/\/www.iber-lepenc.org\/sr\/wp-json\/wp\/v2\/media?parent=7278"}],"wp:term":[{"taxonomy":"category","embeddable":true,"href":"https:\/\/www.iber-lepenc.org\/sr\/wp-json\/wp\/v2\/categories?post=7278"},{"taxonomy":"post_tag","embeddable":true,"href":"https:\/\/www.iber-lepenc.org\/sr\/wp-json\/wp\/v2\/tags?post=7278"}],"curies":[{"name":"wp","href":"https:\/\/api.w.org\/{rel}","templated":true}]}}