{"id":9992,"date":"2024-08-22T18:59:53","date_gmt":"2024-08-22T18:59:53","guid":{"rendered":"https:\/\/www.iber-lepenc.org\/?p=9992"},"modified":"2024-08-22T18:59:55","modified_gmt":"2024-08-22T18:59:55","slug":"kryeshefi-ekzekutiv-z-faruk-mujka-priti-ne-takim-zevendesministrin-e-ministrise-se-mbrojtjes-se-republikes-se-kosoves-z-shemsi-syla","status":"publish","type":"post","link":"https:\/\/www.iber-lepenc.org\/sq\/dokumente\/kryeshefi-ekzekutiv-z-faruk-mujka-priti-ne-takim-zevendesministrin-e-ministrise-se-mbrojtjes-se-republikes-se-kosoves-z-shemsi-syla\/","title":{"rendered":"Kryeshefi ekzekutiv z.Faruk Mujka priti n\u00eb takim z\u00ebvend\u00ebsministrin e Ministris\u00eb s\u00eb Mbrojtjes s\u00eb Republik\u00ebs s\u00eb Kosov\u00ebs z.Shemsi\u00a0 Syla"},"content":{"rendered":"\n<p>N\u00eb nd\u00ebrmarrjen hidroekonomike \u201cIb\u00ebr Lepenc\u201d sh.a. me 21.08.2024, kryeshefi ekzekutiv z.Faruk Mujka me bashk\u00ebpun\u00ebtor\u00eb, prit\u00ebn n\u00eb takim z\u00ebvend\u00ebsministrin e Ministris\u00eb s\u00eb Mbrojtjes s\u00eb Republik\u00ebs s\u00eb Kosov\u00ebs z.Shemsi&nbsp; Syla dhe z.Hajriz&nbsp;&nbsp;Sejdiu k\u00ebshilltar politik n\u00eb Ministrin\u00eb e Mbrojtjes s\u00eb Republik\u00ebs s\u00eb Kosov\u00ebs.<\/p>\n\n\n\n<p>Z. Mujka i informoi lidhur me historikun, veprimtarin\u00eb, kapacitetet, t\u00eb arriturat dhe sfidat e nd\u00ebrmarrjes hidroekonomike \u201cIb\u00ebr Lepenc\u201d sh.a, duke theksuar r\u00ebnd\u00ebsin\u00eb e infrastruktur\u00ebs s\u00eb nd\u00ebrmarrjes dhe k\u00ebrkes\u00ebn q\u00eb kjo infrastruktur\u00eb n\u00eb p\u00ebrputhje me dispozitat pozitive t\u00eb cil\u00ebsohet si infrastruktur\u00eb kritike.<\/p>\n\n\n\n<figure class=\"wp-block-image size-large\"><img fetchpriority=\"high\" decoding=\"async\" width=\"1024\" height=\"575\" src=\"https:\/\/www.iber-lepenc.org\/wp-content\/uploads\/2024\/08\/1-1024x575.jpg\" alt=\"\" class=\"wp-image-9991\" srcset=\"https:\/\/www.iber-lepenc.org\/wp-content\/uploads\/2024\/08\/1-1024x575.jpg 1024w, https:\/\/www.iber-lepenc.org\/wp-content\/uploads\/2024\/08\/1-300x168.jpg 300w, https:\/\/www.iber-lepenc.org\/wp-content\/uploads\/2024\/08\/1-768x431.jpg 768w, https:\/\/www.iber-lepenc.org\/wp-content\/uploads\/2024\/08\/1-1536x862.jpg 1536w, https:\/\/www.iber-lepenc.org\/wp-content\/uploads\/2024\/08\/1-2048x1150.jpg 2048w\" sizes=\"(max-width: 1024px) 100vw, 1024px\" \/><\/figure>\n\n\n\n<figure class=\"wp-block-image size-large\"><img decoding=\"async\" width=\"1024\" height=\"575\" src=\"https:\/\/www.iber-lepenc.org\/wp-content\/uploads\/2024\/08\/2-1024x575.jpg\" alt=\"\" class=\"wp-image-9990\" srcset=\"https:\/\/www.iber-lepenc.org\/wp-content\/uploads\/2024\/08\/2-1024x575.jpg 1024w, https:\/\/www.iber-lepenc.org\/wp-content\/uploads\/2024\/08\/2-300x168.jpg 300w, https:\/\/www.iber-lepenc.org\/wp-content\/uploads\/2024\/08\/2-768x431.jpg 768w, https:\/\/www.iber-lepenc.org\/wp-content\/uploads\/2024\/08\/2-1536x862.jpg 1536w, https:\/\/www.iber-lepenc.org\/wp-content\/uploads\/2024\/08\/2-2048x1150.jpg 2048w\" sizes=\"(max-width: 1024px) 100vw, 1024px\" \/><\/figure>\n\n\n\n<figure class=\"wp-block-image size-large\"><img decoding=\"async\" width=\"1024\" height=\"575\" src=\"https:\/\/www.iber-lepenc.org\/wp-content\/uploads\/2024\/08\/3-1024x575.jpg\" alt=\"\" class=\"wp-image-9988\" srcset=\"https:\/\/www.iber-lepenc.org\/wp-content\/uploads\/2024\/08\/3-1024x575.jpg 1024w, https:\/\/www.iber-lepenc.org\/wp-content\/uploads\/2024\/08\/3-300x168.jpg 300w, https:\/\/www.iber-lepenc.org\/wp-content\/uploads\/2024\/08\/3-768x431.jpg 768w, https:\/\/www.iber-lepenc.org\/wp-content\/uploads\/2024\/08\/3-1536x862.jpg 1536w, https:\/\/www.iber-lepenc.org\/wp-content\/uploads\/2024\/08\/3-2048x1150.jpg 2048w\" sizes=\"(max-width: 1024px) 100vw, 1024px\" \/><\/figure>\n\n\n\n<figure class=\"wp-block-image size-large\"><img loading=\"lazy\" decoding=\"async\" width=\"1024\" height=\"575\" src=\"https:\/\/www.iber-lepenc.org\/wp-content\/uploads\/2024\/08\/4-1024x575.jpg\" alt=\"\" class=\"wp-image-9987\" srcset=\"https:\/\/www.iber-lepenc.org\/wp-content\/uploads\/2024\/08\/4-1024x575.jpg 1024w, https:\/\/www.iber-lepenc.org\/wp-content\/uploads\/2024\/08\/4-300x168.jpg 300w, https:\/\/www.iber-lepenc.org\/wp-content\/uploads\/2024\/08\/4-768x431.jpg 768w, https:\/\/www.iber-lepenc.org\/wp-content\/uploads\/2024\/08\/4-1536x862.jpg 1536w, https:\/\/www.iber-lepenc.org\/wp-content\/uploads\/2024\/08\/4-2048x1150.jpg 2048w\" sizes=\"(max-width: 1024px) 100vw, 1024px\" \/><\/figure>\n","protected":false},"excerpt":{"rendered":"<p>N\u00eb nd\u00ebrmarrjen hidroekonomike \u201cIb\u00ebr Lepenc\u201d sh.a. me 21.08.2024, kryeshefi ekzekutiv z.Faruk Mujka me bashk\u00ebpun\u00ebtor\u00eb, prit\u00ebn n\u00eb takim z\u00ebvend\u00ebsministrin e Ministris\u00eb s\u00eb Mbrojtjes s\u00eb Republik\u00ebs s\u00eb Kosov\u00ebs z.Shemsi&nbsp; Syla dhe z.Hajriz&nbsp;&nbsp;Sejdiu k\u00ebshilltar politik n\u00eb Ministrin\u00eb e Mbrojtjes s\u00eb Republik\u00ebs s\u00eb Kosov\u00ebs. Z. Mujka i informoi lidhur me historikun, veprimtarin\u00eb, kapacitetet, t\u00eb arriturat dhe sfidat e nd\u00ebrmarrjes [&hellip;]<\/p>\n","protected":false},"author":3,"featured_media":7968,"comment_status":"open","ping_status":"closed","sticky":false,"template":"","format":"standard","meta":{"_sq_post_content":"<!-- wp:paragraph -->\n<p>N\u00eb nd\u00ebrmarrjen hidroekonomike \u201cIb\u00ebr Lepenc\u201d sh.a. me 21.08.2024, kryeshefi ekzekutiv z.Faruk Mujka me bashk\u00ebpun\u00ebtor\u00eb, prit\u00ebn n\u00eb takim z\u00ebvend\u00ebsministrin e Ministris\u00eb s\u00eb Mbrojtjes s\u00eb Republik\u00ebs s\u00eb Kosov\u00ebs z.Shemsi&nbsp; Syla dhe z.Hajriz&nbsp;&nbsp;Sejdiu k\u00ebshilltar politik n\u00eb Ministrin\u00eb e Mbrojtjes s\u00eb Republik\u00ebs s\u00eb Kosov\u00ebs.<\/p>\n<!-- \/wp:paragraph -->\n\n<!-- wp:paragraph -->\n<p>Z. Mujka i informoi lidhur me historikun, veprimtarin\u00eb, kapacitetet, t\u00eb arriturat dhe sfidat e nd\u00ebrmarrjes hidroekonomike \u201cIb\u00ebr Lepenc\u201d sh.a, duke theksuar r\u00ebnd\u00ebsin\u00eb e infrastruktur\u00ebs s\u00eb nd\u00ebrmarrjes dhe k\u00ebrkes\u00ebn q\u00eb kjo infrastruktur\u00eb n\u00eb p\u00ebrputhje me dispozitat pozitive t\u00eb cil\u00ebsohet si infrastruktur\u00eb kritike.<\/p>\n<!-- \/wp:paragraph -->\n\n<!-- wp:image {\"id\":9991,\"sizeSlug\":\"large\",\"linkDestination\":\"none\"} -->\n<figure class=\"wp-block-image size-large\"><img src=\"https:\/\/www.iber-lepenc.org\/wp-content\/uploads\/2024\/08\/1-1024x575.jpg\" alt=\"\" class=\"wp-image-9991\"\/><\/figure>\n<!-- \/wp:image -->\n\n<!-- wp:image {\"id\":9990,\"sizeSlug\":\"large\",\"linkDestination\":\"none\"} -->\n<figure class=\"wp-block-image size-large\"><img src=\"https:\/\/www.iber-lepenc.org\/wp-content\/uploads\/2024\/08\/2-1024x575.jpg\" alt=\"\" class=\"wp-image-9990\"\/><\/figure>\n<!-- \/wp:image -->\n\n<!-- wp:image {\"id\":9988,\"sizeSlug\":\"large\",\"linkDestination\":\"none\"} -->\n<figure class=\"wp-block-image size-large\"><img src=\"https:\/\/www.iber-lepenc.org\/wp-content\/uploads\/2024\/08\/3-1024x575.jpg\" alt=\"\" class=\"wp-image-9988\"\/><\/figure>\n<!-- \/wp:image -->\n\n<!-- wp:image {\"id\":9987,\"sizeSlug\":\"large\",\"linkDestination\":\"none\"} -->\n<figure class=\"wp-block-image size-large\"><img src=\"https:\/\/www.iber-lepenc.org\/wp-content\/uploads\/2024\/08\/4-1024x575.jpg\" alt=\"\" class=\"wp-image-9987\"\/><\/figure>\n<!-- \/wp:image -->","_sq_post_name":"kryeshefi-ekzekutiv-z-faruk-mujka-priti-ne-takim-zevendesministrin-e-ministrise-se-mbrojtjes-se-republikes-se-kosoves-z-shemsi-syla","_sq_post_excerpt":"","_sq_post_title":"Kryeshefi ekzekutiv z.Faruk Mujka priti n\u00eb takim z\u00ebvend\u00ebsministrin e Ministris\u00eb s\u00eb Mbrojtjes s\u00eb Republik\u00ebs s\u00eb Kosov\u00ebs z.Shemsi\u00a0 Syla","_en_post_content":"","_en_post_name":"","_en_post_excerpt":"","_en_post_title":"","_sr_post_content":"","_sr_post_name":"","_sr_post_excerpt":"","_sr_post_title":"","edit_language":"sq","footnotes":""},"categories":[42,44],"tags":[],"class_list":["post-9992","post","type-post","status-publish","format-standard","has-post-thumbnail","hentry","category-dokumente","category-publikime"],"publishpress_future_action":{"enabled":false,"date":"2026-05-09 11:05:26","action":"change-status","newStatus":"draft","terms":[],"taxonomy":"category","extraData":[]},"publishpress_future_workflow_manual_trigger":{"enabledWorkflows":[]},"_links":{"self":[{"href":"https:\/\/www.iber-lepenc.org\/sq\/wp-json\/wp\/v2\/posts\/9992","targetHints":{"allow":["GET"]}}],"collection":[{"href":"https:\/\/www.iber-lepenc.org\/sq\/wp-json\/wp\/v2\/posts"}],"about":[{"href":"https:\/\/www.iber-lepenc.org\/sq\/wp-json\/wp\/v2\/types\/post"}],"author":[{"embeddable":true,"href":"https:\/\/www.iber-lepenc.org\/sq\/wp-json\/wp\/v2\/users\/3"}],"replies":[{"embeddable":true,"href":"https:\/\/www.iber-lepenc.org\/sq\/wp-json\/wp\/v2\/comments?post=9992"}],"version-history":[{"count":1,"href":"https:\/\/www.iber-lepenc.org\/sq\/wp-json\/wp\/v2\/posts\/9992\/revisions"}],"predecessor-version":[{"id":9993,"href":"https:\/\/www.iber-lepenc.org\/sq\/wp-json\/wp\/v2\/posts\/9992\/revisions\/9993"}],"wp:featuredmedia":[{"embeddable":true,"href":"https:\/\/www.iber-lepenc.org\/sq\/wp-json\/wp\/v2\/media\/7968"}],"wp:attachment":[{"href":"https:\/\/www.iber-lepenc.org\/sq\/wp-json\/wp\/v2\/media?parent=9992"}],"wp:term":[{"taxonomy":"category","embeddable":true,"href":"https:\/\/www.iber-lepenc.org\/sq\/wp-json\/wp\/v2\/categories?post=9992"},{"taxonomy":"post_tag","embeddable":true,"href":"https:\/\/www.iber-lepenc.org\/sq\/wp-json\/wp\/v2\/tags?post=9992"}],"curies":[{"name":"wp","href":"https:\/\/api.w.org\/{rel}","templated":true}]}}