{"id":9152,"date":"2023-09-18T07:41:11","date_gmt":"2023-09-18T07:41:11","guid":{"rendered":"https:\/\/iber-lepenc.org\/?p=9152"},"modified":"2024-09-03T11:54:20","modified_gmt":"2024-09-03T11:54:20","slug":"kryeshefi-ekzekutiv-i-nd%d1%91rmarrjes-iber-lepenc-sh-a-z-faruk-mujka-n%d1%91-vizit%d1%91-zyrtare-n%d1%91-kru-mitrovica-sh-a","status":"publish","type":"post","link":"https:\/\/www.iber-lepenc.org\/sq\/publikime\/kryeshefi-ekzekutiv-i-nd%d1%91rmarrjes-iber-lepenc-sh-a-z-faruk-mujka-n%d1%91-vizit%d1%91-zyrtare-n%d1%91-kru-mitrovica-sh-a\/","title":{"rendered":"KRYESHEFI EKZEKUTIV I ND\u0401RMARRJES \u201cIBER-LEPENC\u201d SH.A. z.FARUK MUJKA N\u0401 VIZIT\u0401 ZYRTARE N\u0401 KRU MITROVICA SH.A."},"content":{"rendered":"\n<p>N\u00eb vazhd\u00ebn e takimeve me nd\u00ebrmarrjet partnere, Kryeshefi Ekzekutiv i NPH Ib\u00ebr-Lepenc, z.Faruk Mujka vizitoi nd\u00ebrmarrjen KRU Mitrovica, ku u prit nga Kryeshefi z.Bashkim Kurti. T\u00eb dyt\u00eb u zotuan se do t\u00eb vazhdojn\u00eb bashk\u00ebpunimin e shk\u00eblqyesh\u00ebm q\u00eb e kan\u00eb, me q\u00ebllim q\u00eb qytetar\u00ebt e regjionit t\u00eb Mitrovic\u00ebs t\u00eb ken\u00eb uj\u00eb t\u00eb mjaftuesh\u00ebm me cil\u00ebsi t\u00eb lart\u00eb, p\u00ebr \u00e7ka po implementohen investimet n\u00eb infrastruktur\u00eb nga t\u00eb dy nd\u00ebrmarrjet, si dhe t\u00eb minimalizohen humbjet e hetohen keqp\u00ebrdorimet e ujit.<\/p>\n\n\n\n<figure class=\"wp-block-image size-full\"><img decoding=\"async\" src=\"https:\/\/www.iber-lepenc.org\/wp-content\/uploads\/2023\/09\/vizita-1.jpg\" alt=\"\" class=\"wp-image-9154\"\/><\/figure>\n","protected":false},"excerpt":{"rendered":"<p>N\u00eb vazhd\u00ebn e takimeve me nd\u00ebrmarrjet partnere, Kryeshefi Ekzekutiv i NPH Ib\u00ebr-Lepenc, z.Faruk Mujka vizitoi nd\u00ebrmarrjen KRU Mitrovica, ku u prit nga Kryeshefi z.Bashkim Kurti. T\u00eb dyt\u00eb u zotuan se do t\u00eb vazhdojn\u00eb bashk\u00ebpunimin e shk\u00eblqyesh\u00ebm q\u00eb e kan\u00eb, me q\u00ebllim q\u00eb qytetar\u00ebt e regjionit t\u00eb Mitrovic\u00ebs t\u00eb ken\u00eb uj\u00eb t\u00eb mjaftuesh\u00ebm me cil\u00ebsi t\u00eb [&hellip;]<\/p>\n","protected":false},"author":3,"featured_media":9153,"comment_status":"open","ping_status":"closed","sticky":false,"template":"","format":"standard","meta":{"_sq_post_content":"<!-- wp:paragraph -->\n<p>N\u00eb vazhd\u00ebn e takimeve me nd\u00ebrmarrjet partnere, Kryeshefi Ekzekutiv i NPH Ib\u00ebr-Lepenc, z.Faruk Mujka vizitoi nd\u00ebrmarrjen KRU Mitrovica, ku u prit nga Kryeshefi z.Bashkim Kurti. T\u00eb dyt\u00eb u zotuan se do t\u00eb vazhdojn\u00eb bashk\u00ebpunimin e shk\u00eblqyesh\u00ebm q\u00eb e kan\u00eb, me q\u00ebllim q\u00eb qytetar\u00ebt e regjionit t\u00eb Mitrovic\u00ebs t\u00eb ken\u00eb uj\u00eb t\u00eb mjaftuesh\u00ebm me cil\u00ebsi t\u00eb lart\u00eb, p\u00ebr \u00e7ka po implementohen investimet n\u00eb infrastruktur\u00eb nga t\u00eb dy nd\u00ebrmarrjet, si dhe t\u00eb minimalizohen humbjet e hetohen keqp\u00ebrdorimet e ujit.<\/p>\n<!-- \/wp:paragraph -->\n\n<!-- wp:image {\"id\":9154,\"sizeSlug\":\"full\",\"linkDestination\":\"none\"} -->\n<figure class=\"wp-block-image size-full\"><img src=\"https:\/\/www.iber-lepenc.org\/wp-content\/uploads\/2023\/09\/vizita-1.jpg\" alt=\"\" class=\"wp-image-9154\"\/><\/figure>\n<!-- \/wp:image -->","_sq_post_name":"kryeshefi-ekzekutiv-i-nd%d1%91rmarrjes-iber-lepenc-sh-a-z-faruk-mujka-n%d1%91-vizit%d1%91-zyrtare-n%d1%91-kru-mitrovica-sh-a","_sq_post_excerpt":"","_sq_post_title":"KRYESHEFI EKZEKUTIV I ND\u0401RMARRJES \u201cIBER-LEPENC\u201d SH.A. z.FARUK MUJKA N\u0401 VIZIT\u0401 ZYRTARE N\u0401 KRU MITROVICA SH.A.","_en_post_content":"","_en_post_name":"","_en_post_excerpt":"","_en_post_title":"","_sr_post_content":"","_sr_post_name":"","_sr_post_excerpt":"","_sr_post_title":"","edit_language":"sq","footnotes":""},"categories":[44],"tags":[],"class_list":["post-9152","post","type-post","status-publish","format-standard","has-post-thumbnail","hentry","category-publikime"],"publishpress_future_action":{"enabled":false,"date":"2026-05-09 04:21:21","action":"change-status","newStatus":"draft","terms":[],"taxonomy":"category","extraData":[]},"publishpress_future_workflow_manual_trigger":{"enabledWorkflows":[]},"_links":{"self":[{"href":"https:\/\/www.iber-lepenc.org\/sq\/wp-json\/wp\/v2\/posts\/9152","targetHints":{"allow":["GET"]}}],"collection":[{"href":"https:\/\/www.iber-lepenc.org\/sq\/wp-json\/wp\/v2\/posts"}],"about":[{"href":"https:\/\/www.iber-lepenc.org\/sq\/wp-json\/wp\/v2\/types\/post"}],"author":[{"embeddable":true,"href":"https:\/\/www.iber-lepenc.org\/sq\/wp-json\/wp\/v2\/users\/3"}],"replies":[{"embeddable":true,"href":"https:\/\/www.iber-lepenc.org\/sq\/wp-json\/wp\/v2\/comments?post=9152"}],"version-history":[{"count":3,"href":"https:\/\/www.iber-lepenc.org\/sq\/wp-json\/wp\/v2\/posts\/9152\/revisions"}],"predecessor-version":[{"id":10168,"href":"https:\/\/www.iber-lepenc.org\/sq\/wp-json\/wp\/v2\/posts\/9152\/revisions\/10168"}],"wp:featuredmedia":[{"embeddable":true,"href":"https:\/\/www.iber-lepenc.org\/sq\/wp-json\/wp\/v2\/media\/9153"}],"wp:attachment":[{"href":"https:\/\/www.iber-lepenc.org\/sq\/wp-json\/wp\/v2\/media?parent=9152"}],"wp:term":[{"taxonomy":"category","embeddable":true,"href":"https:\/\/www.iber-lepenc.org\/sq\/wp-json\/wp\/v2\/categories?post=9152"},{"taxonomy":"post_tag","embeddable":true,"href":"https:\/\/www.iber-lepenc.org\/sq\/wp-json\/wp\/v2\/tags?post=9152"}],"curies":[{"name":"wp","href":"https:\/\/api.w.org\/{rel}","templated":true}]}}