{"id":10899,"date":"2025-08-01T13:25:07","date_gmt":"2025-08-01T13:25:07","guid":{"rendered":"https:\/\/www.iber-lepenc.org\/sq\/?p=10899"},"modified":"2025-08-02T00:31:53","modified_gmt":"2025-08-02T00:31:53","slug":"","status":"publish","type":"post","link":"https:\/\/www.iber-lepenc.org\/en\/publikime\/ministrja-e-ekonomise-znj-artane-rizvanolli-viziton-punimet-e-rehabilitimit-te-kanalit-kryesor-ne-zubin-potok\/","title":{"rendered":"","raw":""},"content":{"rendered":"","protected":false,"raw":""},"excerpt":{"rendered":"","protected":false,"raw":""},"author":3,"featured_media":10905,"comment_status":"open","ping_status":"closed","sticky":false,"template":"","format":"standard","meta":{"_sq_post_content":"<!-- wp:paragraph -->\n<p>Ministrja e Ekonomis\u00eb, znj. Artane Rizvanolli, ka vizituar nga af\u00ebr punimet q\u00eb po zhvillohen n\u00eb projektin e rehabilitimit t\u00eb kanalit t\u00eb Ib\u00ebr-Lepenc n\u00eb Zubin Potok, nj\u00eb investim ky me r\u00ebnd\u00ebsi strategjike p\u00ebr sigurin\u00eb dhe funksionalitetin afatgjat\u00eb t\u00eb k\u00ebsaj infrastrukture jetike.<\/p>\n<!-- \/wp:paragraph -->\n\n<!-- wp:paragraph -->\n<p>N\u00eb terren, ministren e prit\u00ebn kryeshefi ekzekutiv i NPH \u201cIb\u00ebr Lepenc\u201d Sh.A, Faruk Mujka, s\u00eb bashku me ekipin menaxherial t\u00eb Nd\u00ebrmarrjes, t\u00eb cil\u00ebt e shoq\u00ebruan gjat\u00eb inspektimit t\u00eb punimeve.<\/p>\n<!-- \/wp:paragraph -->\n\n<!-- wp:paragraph -->\n<p>Ky projekt, me vler\u00eb mbi 13 milion\u00eb euro dhe i mb\u00ebshtetur nga Qeveria e Kosov\u00ebs n\u00eb bashk\u00ebpunim me Bank\u00ebn Bot\u00ebrore, \u00ebsht\u00eb af\u00ebr p\u00ebrfundimit, pasi mbi 90% e punimeve jan\u00eb realizuar.<\/p>\n<!-- \/wp:paragraph -->\n\n<!-- wp:paragraph -->\n<p>Ministrja Rizvanolli theksoi se pas nj\u00eb kontrate problematike t\u00eb trash\u00ebguar, ku vet\u00ebm 10% e punimeve ishin kryer p\u00ebr vite t\u00eb t\u00ebra, progresi i b\u00ebr\u00eb gjat\u00eb dy viteve t\u00eb fundit \u00ebsht\u00eb dometh\u00ebn\u00ebs. Pas nd\u00ebrprerjes s\u00eb kontrat\u00ebs dhe rishpalljes s\u00eb saj, projekti \u00ebsht\u00eb duke u p\u00ebrfunduar dhe pritet t\u00eb mbyllet n\u00eb muajt n\u00eb vijim. \u201cKy projekt forcon sigurin\u00eb e kanalit Ib\u00ebr-Lepenc, nj\u00eb infrastruktur\u00eb ky\u00e7e p\u00ebr energjin\u00eb, bujq\u00ebsin\u00eb dhe furnizimin me uj\u00eb p\u00ebr afro 500 mij\u00eb qytetar\u00eb n\u00eb Kosov\u00ebn qendrore. Ky kanal nuk \u00ebsht\u00eb thjesht uj\u00eb, \u00ebsht\u00eb burim jete dhe garanci sigurie p\u00ebr vendin ton\u00eb,\u201d theksoi ministrja Rizvanolli.<\/p>\n<!-- \/wp:paragraph -->\n\n<!-- wp:paragraph -->\n<p>Ministrja e Ekonomis\u00eb, znj. Artane Rizvanolli po ashtu rikujtoi reagimin e shpejt\u00eb dhe profesional t\u00eb ekipit pas sulmit terrorist m\u00eb 29 n\u00ebntor 2024, i cili kishte d\u00ebmtuar r\u00ebnd\u00eb infrastruktur\u00ebn. \u201cReagimi i menj\u00ebhersh\u00ebm i ekipit t\u00eb projektit dhe i Korporat\u00ebs Ib\u00ebr Lepenc siguroi vazhdim\u00ebsin\u00eb e furnizimit me uj\u00eb n\u00eb nj\u00eb periudh\u00eb kritike,\u201d deklaroi ministrja.<\/p>\n<!-- \/wp:paragraph -->\n\n<!-- wp:paragraph -->\n<p>Kryeshefi Ekzekutiv, z. Faruk Mujka, fal\u00ebnderoi ministren e Ekonomis\u00eb, znj. Artane Rizvanolli, dhe Qeverin\u00eb e Republik\u00ebs s\u00eb Kosov\u00ebs p\u00ebr mb\u00ebshtetjen e vazhdueshme n\u00eb realizimin e k\u00ebtij projekti strategjik p\u00ebr sigurin\u00eb ujore dhe zhvillimin infrastrukturor t\u00eb vendit.<\/p>\n<!-- \/wp:paragraph -->\n\n<!-- wp:paragraph -->\n<p>Kryeshefi Ekzekutiv, z. Faruk Mujka, theksoi se punimet p\u00ebr mbulimin e kanalit n\u00eb Zubin Potok po realizohen n\u00eb marr\u00ebveshje me komunitetin lokal serb. \u201cSegmenti q\u00eb do t\u00eb mbulohet ka nj\u00eb gjat\u00ebsi prej 400 metrash dhe, pas p\u00ebrfundimit, do t\u00eb vihet n\u00eb sh\u00ebrbim t\u00eb komunitetit p\u00ebr zhvillimin e aktiviteteve t\u00eb tyre,\u201d deklaroi ai.<\/p>\n<!-- \/wp:paragraph -->\n\n<!-- wp:paragraph -->\n<p><\/p>\n<!-- \/wp:paragraph -->\n\n<!-- wp:paragraph -->\n<p><\/p>\n<!-- \/wp:paragraph -->\n\n<!-- wp:paragraph -->\n<p><strong>Me respekt,<\/strong><br><strong>Nd\u00ebrmarrja Publike Hidroekonomike \u201cIb\u00ebr-Lepenc\u201d Sh.A<\/strong><br><strong>01.08.2025<\/strong><\/p>\n<!-- \/wp:paragraph -->\n\n<!-- wp:image {\"id\":10901,\"sizeSlug\":\"large\",\"linkDestination\":\"none\"} -->\n<figure class=\"wp-block-image size-large\"><img src=\"https:\/\/www.iber-lepenc.org\/wp-content\/uploads\/2025\/08\/DSC04252-1-1024x683.jpg\" alt=\"\" class=\"wp-image-10901\"\/><\/figure>\n<!-- \/wp:image -->\n\n<!-- wp:image {\"id\":10902,\"sizeSlug\":\"large\",\"linkDestination\":\"none\"} -->\n<figure class=\"wp-block-image size-large\"><img src=\"https:\/\/www.iber-lepenc.org\/wp-content\/uploads\/2025\/08\/DSC04257-1024x683.jpg\" alt=\"\" class=\"wp-image-10902\"\/><\/figure>\n<!-- \/wp:image -->\n\n<!-- wp:image {\"id\":10903,\"sizeSlug\":\"large\",\"linkDestination\":\"none\"} -->\n<figure class=\"wp-block-image size-large\"><img src=\"https:\/\/www.iber-lepenc.org\/wp-content\/uploads\/2025\/08\/DSC04278-1024x683.jpg\" alt=\"\" class=\"wp-image-10903\"\/><\/figure>\n<!-- \/wp:image -->\n\n<!-- wp:image {\"id\":10904,\"sizeSlug\":\"large\",\"linkDestination\":\"none\"} -->\n<figure class=\"wp-block-image size-large\"><img src=\"https:\/\/www.iber-lepenc.org\/wp-content\/uploads\/2025\/08\/DSC04303-1024x683.jpg\" alt=\"\" class=\"wp-image-10904\"\/><\/figure>\n<!-- \/wp:image -->\n\n<!-- wp:image {\"id\":10905,\"sizeSlug\":\"large\",\"linkDestination\":\"none\"} -->\n<figure class=\"wp-block-image size-large\"><img src=\"https:\/\/www.iber-lepenc.org\/wp-content\/uploads\/2025\/08\/DSC04410-1024x683.jpg\" alt=\"\" class=\"wp-image-10905\"\/><\/figure>\n<!-- \/wp:image -->\n\n<!-- wp:image {\"id\":10906,\"sizeSlug\":\"large\",\"linkDestination\":\"none\"} -->\n<figure class=\"wp-block-image size-large\"><img src=\"https:\/\/www.iber-lepenc.org\/wp-content\/uploads\/2025\/08\/DSC04425-1024x683.jpg\" alt=\"\" class=\"wp-image-10906\"\/><\/figure>\n<!-- \/wp:image -->","_sq_post_name":"ministrja-e-ekonomise-znj-artane-rizvanolli-viziton-punimet-e-rehabilitimit-te-kanalit-kryesor-ne-zubin-potok","_sq_post_excerpt":"","_sq_post_title":"Ministrja e Ekonomis\u00eb znj. Artane Rizvanolli viziton punimet e rehabilitimit t\u00eb kanalit kryesor n\u00eb Zubin Potok","_en_post_content":"","_en_post_name":"","_en_post_excerpt":"","_en_post_title":"","_sr_post_content":"","_sr_post_name":"","_sr_post_excerpt":"","_sr_post_title":"","edit_language":"en","footnotes":""},"categories":[44],"tags":[],"class_list":["post-10899","post","type-post","status-publish","format-standard","has-post-thumbnail","hentry","category-publikime"],"publishpress_future_action":{"enabled":false,"date":"2026-05-10 16:54:17","action":"change-status","newStatus":"draft","terms":[],"taxonomy":"category","extraData":[]},"publishpress_future_workflow_manual_trigger":{"enabledWorkflows":[]},"_links":{"self":[{"href":"https:\/\/www.iber-lepenc.org\/en\/wp-json\/wp\/v2\/posts\/10899","targetHints":{"allow":["GET"]}}],"collection":[{"href":"https:\/\/www.iber-lepenc.org\/en\/wp-json\/wp\/v2\/posts"}],"about":[{"href":"https:\/\/www.iber-lepenc.org\/en\/wp-json\/wp\/v2\/types\/post"}],"author":[{"embeddable":true,"href":"https:\/\/www.iber-lepenc.org\/en\/wp-json\/wp\/v2\/users\/3"}],"replies":[{"embeddable":true,"href":"https:\/\/www.iber-lepenc.org\/en\/wp-json\/wp\/v2\/comments?post=10899"}],"version-history":[{"count":4,"href":"https:\/\/www.iber-lepenc.org\/en\/wp-json\/wp\/v2\/posts\/10899\/revisions"}],"predecessor-version":[{"id":10915,"href":"https:\/\/www.iber-lepenc.org\/en\/wp-json\/wp\/v2\/posts\/10899\/revisions\/10915"}],"wp:featuredmedia":[{"embeddable":true,"href":"https:\/\/www.iber-lepenc.org\/en\/wp-json\/wp\/v2\/media\/10905"}],"wp:attachment":[{"href":"https:\/\/www.iber-lepenc.org\/en\/wp-json\/wp\/v2\/media?parent=10899"}],"wp:term":[{"taxonomy":"category","embeddable":true,"href":"https:\/\/www.iber-lepenc.org\/en\/wp-json\/wp\/v2\/categories?post=10899"},{"taxonomy":"post_tag","embeddable":true,"href":"https:\/\/www.iber-lepenc.org\/en\/wp-json\/wp\/v2\/tags?post=10899"}],"curies":[{"name":"wp","href":"https:\/\/api.w.org\/{rel}","templated":true}]}}