{"id":10401,"date":"2024-12-01T18:18:37","date_gmt":"2024-12-01T18:18:37","guid":{"rendered":"https:\/\/www.iber-lepenc.org\/sq\/?p=10401"},"modified":"2024-12-01T18:18:38","modified_gmt":"2024-12-01T18:18:38","slug":"","status":"publish","type":"post","link":"https:\/\/www.iber-lepenc.org\/en\/publikime\/njoftim-per-media\/","title":{"rendered":"","raw":""},"content":{"rendered":"","protected":false,"raw":""},"excerpt":{"rendered":"","protected":false,"raw":""},"author":3,"featured_media":7968,"comment_status":"open","ping_status":"closed","sticky":false,"template":"","format":"standard","meta":{"_sq_post_content":"<!-- wp:paragraph -->\n<p>Njoftim p\u00ebr Media mbi Situat\u00ebn pas Sulmit Terrorist n\u00eb Kanalin Kryesor t\u00eb NPH \u201cIb\u00ebr Lepenc\u201d SH.A.<\/p>\n<!-- \/wp:paragraph -->\n\n<!-- wp:paragraph -->\n<p>M\u00eb 29 n\u00ebntor 2024, rreth or\u00ebs 19:00, nj\u00eb sulm terrorist shkaktoi d\u00ebmtimin e r\u00ebnd\u00eb t\u00eb akuaduktit q\u00eb ndodhet n\u00eb fshatin Varag\u00eb, Komuna e Zubin Potokut. Menj\u00ebher\u00eb pas marrjes s\u00eb lajmit, menaxhmenti i nd\u00ebrmarrjes, s\u00eb bashku me ekipet p\u00ebrgjegj\u00ebse, nd\u00ebrmor\u00ebn veprime urgjente p\u00ebr vler\u00ebsimin dhe identifikimin e mund\u00ebsive m\u00eb t\u00eb mira teknike p\u00ebr m\u00ebnjanimin e kriz\u00ebs.<\/p>\n<!-- \/wp:paragraph -->\n\n<!-- wp:paragraph -->\n<p>Si pasoj\u00eb e k\u00ebtij sulmi terrorist, u nd\u00ebrpre rrjedha e ujit nga diga e Pridvoric\u00ebs, duke shkaktuar nd\u00ebrprerje n\u00eb furnizimin me uj\u00eb t\u00eb pap\u00ebrpunuar p\u00ebr:<\/p>\n<!-- \/wp:paragraph -->\n\n<!-- wp:paragraph -->\n<p>\u2022 KRU Mitrovica<\/p>\n<!-- \/wp:paragraph -->\n\n<!-- wp:paragraph -->\n<p>\u2022 KRU Mitrovica-Vushtrri<\/p>\n<!-- \/wp:paragraph -->\n\n<!-- wp:paragraph -->\n<p>\u2022 KRU Prishtina<\/p>\n<!-- \/wp:paragraph -->\n\n<!-- wp:paragraph -->\n<p>\u2022 KRU Prishtina-Drenas<\/p>\n<!-- \/wp:paragraph -->\n\n<!-- wp:paragraph -->\n<p>\u2022 Feronikelin<\/p>\n<!-- \/wp:paragraph -->\n\n<!-- wp:paragraph -->\n<p>P\u00ebrjashtim nga nd\u00ebrprerja b\u00ebri vet\u00ebm Termocentrali Kosova B, p\u00ebr t\u00eb cilin u sigurua furnizimi i pand\u00ebrprer\u00eb fal\u00eb menaxhimit t\u00eb rezervave n\u00eb kanalin kryesor.<\/p>\n<!-- \/wp:paragraph -->\n\n<!-- wp:paragraph -->\n<p>Reagimi i menj\u00ebhersh\u00ebm ishte thelb\u00ebsor p\u00ebr t\u00eb shmangur nj\u00eb kriz\u00eb m\u00eb t\u00eb thell\u00eb. Pas p\u00ebrfundimit t\u00eb riparimeve emergjente, n\u00eb or\u00ebt e para t\u00eb m\u00ebngjesit t\u00eb 30 n\u00ebntorit 2024, nisi normalizimi i furnizimit me uj\u00eb. \u00cbsht\u00eb e r\u00ebnd\u00ebsishme t\u00eb theksohet se p\u00ebr Termocentralin Kosova B furnizimi nuk u nd\u00ebrpre n\u00eb asnj\u00eb moment.<\/p>\n<!-- \/wp:paragraph -->\n\n<!-- wp:paragraph -->\n<p>Pas punimeve t\u00eb pand\u00ebrprera, furnizimi me uj\u00eb u rikthye drejt normalitetit n\u00eb mbr\u00ebmjen e 30 n\u00ebntorit 2024, duke siguruar vazhdim\u00ebsin\u00eb e sh\u00ebrbimeve p\u00ebr t\u00eb gjith\u00eb konsumator\u00ebt e p\u00ebrmendur.<\/p>\n<!-- \/wp:paragraph -->\n\n<!-- wp:paragraph -->\n<p>N\u00eb nj\u00eb p\u00ebrpjekje t\u00eb palodhur q\u00eb zgjati gjasht\u00eb or\u00eb, ekipet e pun\u00ebtor\u00ebve t\u00eb NPH Ib\u00ebr-Lepenc dhe kontraktorit t\u00eb projektit t\u00eb Bank\u00ebs Bot\u00ebrore, kompanis\u00eb FAMIS CO, arrit\u00ebn t\u00eb rikthejn\u00eb furnizimin n\u00eb or\u00ebn 02:00, megjith\u00ebse me vet\u00ebm 75% t\u00eb kapacitetit normal. Procesi i rimbushjes s\u00eb kanalit kryesor nisi menj\u00ebher\u00eb p\u00ebr t\u00eb rikthyer furnizimin e q\u00ebndruesh\u00ebm p\u00ebr KRU-t\u00eb dhe Feronikelin.<\/p>\n<!-- \/wp:paragraph -->\n\n<!-- wp:paragraph -->\n<p>Brenda 24 or\u00ebve pas sulmit terrorist, furnizimi p\u00ebr t\u00eb gjith\u00eb uj\u00ebsjell\u00ebsit rajonal\u00eb dhe Feronikelin u normalizua plot\u00ebsisht.<\/p>\n<!-- \/wp:paragraph -->\n\n<!-- wp:paragraph -->\n<p>R\u00ebnd\u00ebsia e Kanalit Kryesor p\u00ebr Republik\u00ebn e Kosov\u00ebs<\/p>\n<!-- \/wp:paragraph -->\n\n<!-- wp:paragraph -->\n<p>Kanali kryesor i Ib\u00ebr Lepencit \u00ebsht\u00eb burimi kryesor i furnizimit me uj\u00eb p\u00ebr disa nga konsumator\u00ebt m\u00eb t\u00eb r\u00ebnd\u00ebsish\u00ebm n\u00eb Republik\u00ebn e Kosov\u00ebs. Kapacitetet mesatare t\u00eb furnizimit me uj\u00eb t\u00eb pap\u00ebrpunuar jan\u00eb si m\u00eb posht\u00eb:<\/p>\n<!-- \/wp:paragraph -->\n\n<!-- wp:paragraph -->\n<p>\u2022 KRU Mitrovica: 650 l\/s<\/p>\n<!-- \/wp:paragraph -->\n\n<!-- wp:paragraph -->\n<p>\u2022 KRU Mitrovica-Vushtrri: 240 l\/s<\/p>\n<!-- \/wp:paragraph -->\n\n<!-- wp:paragraph -->\n<p>\u2022 KRU Prishtina: 600 l\/s<\/p>\n<!-- \/wp:paragraph -->\n\n<!-- wp:paragraph -->\n<p>\u2022 KRU Prishtina-Drenas: 121 l\/s<\/p>\n<!-- \/wp:paragraph -->\n\n<!-- wp:paragraph -->\n<p>\u2022 Feronikeli: 80 l\/s<\/p>\n<!-- \/wp:paragraph -->\n\n<!-- wp:paragraph -->\n<p>\u2022 Termocentrali Kosova B: 350 l\/s<\/p>\n<!-- \/wp:paragraph -->\n\n<!-- wp:paragraph -->\n<p>N\u00eb total, kanali furnizon mesatarisht 2000 litra uj\u00eb p\u00ebr sekond\u00eb, q\u00eb p\u00ebrkthehet n\u00eb 7.2 milion\u00eb litra n\u00eb or\u00eb.<\/p>\n<!-- \/wp:paragraph -->\n\n<!-- wp:paragraph -->\n<p>Ky sulm p\u00ebrfaq\u00ebson nj\u00eb akt t\u00eb q\u00ebllimsh\u00ebm p\u00ebr t\u00eb penguar zhvillimin normal dhe t\u00eb q\u00ebndruesh\u00ebm t\u00eb jet\u00ebs n\u00eb Kosov\u00eb. Populli dhe institucionet e Republik\u00ebs s\u00eb Kosov\u00ebs mbeten t\u00eb vendosur p\u00ebr t\u00eb siguruar mir\u00ebqenien e qytetar\u00ebve, duke p\u00ebrballuar sfida t\u00eb tilla me profesionaliz\u00ebm dhe unitet.<\/p>\n<!-- \/wp:paragraph -->\n\n<!-- wp:paragraph -->\n<p>NPH Ib\u00ebr-Lepenc \u00ebsht\u00eb duke punuar intensivisht p\u00ebr zgjidhjen p\u00ebrfundimtare dhe rehabilitimin e akuaduktit t\u00eb d\u00ebmtuar nga ky akt terrorist.<\/p>\n<!-- \/wp:paragraph -->","_sq_post_name":"njoftim-per-media","_sq_post_excerpt":"","_sq_post_title":"Njoftim p\u00ebr Media","_en_post_content":"","_en_post_name":"","_en_post_excerpt":"","_en_post_title":"","_sr_post_content":"","_sr_post_name":"","_sr_post_excerpt":"","_sr_post_title":"","edit_language":"en","footnotes":""},"categories":[44],"tags":[],"class_list":["post-10401","post","type-post","status-publish","format-standard","has-post-thumbnail","hentry","category-publikime"],"publishpress_future_action":{"enabled":false,"date":"2026-05-09 03:02:39","action":"change-status","newStatus":"draft","terms":[],"taxonomy":"category","extraData":[]},"publishpress_future_workflow_manual_trigger":{"enabledWorkflows":[]},"_links":{"self":[{"href":"https:\/\/www.iber-lepenc.org\/en\/wp-json\/wp\/v2\/posts\/10401","targetHints":{"allow":["GET"]}}],"collection":[{"href":"https:\/\/www.iber-lepenc.org\/en\/wp-json\/wp\/v2\/posts"}],"about":[{"href":"https:\/\/www.iber-lepenc.org\/en\/wp-json\/wp\/v2\/types\/post"}],"author":[{"embeddable":true,"href":"https:\/\/www.iber-lepenc.org\/en\/wp-json\/wp\/v2\/users\/3"}],"replies":[{"embeddable":true,"href":"https:\/\/www.iber-lepenc.org\/en\/wp-json\/wp\/v2\/comments?post=10401"}],"version-history":[{"count":1,"href":"https:\/\/www.iber-lepenc.org\/en\/wp-json\/wp\/v2\/posts\/10401\/revisions"}],"predecessor-version":[{"id":10402,"href":"https:\/\/www.iber-lepenc.org\/en\/wp-json\/wp\/v2\/posts\/10401\/revisions\/10402"}],"wp:featuredmedia":[{"embeddable":true,"href":"https:\/\/www.iber-lepenc.org\/en\/wp-json\/wp\/v2\/media\/7968"}],"wp:attachment":[{"href":"https:\/\/www.iber-lepenc.org\/en\/wp-json\/wp\/v2\/media?parent=10401"}],"wp:term":[{"taxonomy":"category","embeddable":true,"href":"https:\/\/www.iber-lepenc.org\/en\/wp-json\/wp\/v2\/categories?post=10401"},{"taxonomy":"post_tag","embeddable":true,"href":"https:\/\/www.iber-lepenc.org\/en\/wp-json\/wp\/v2\/tags?post=10401"}],"curies":[{"name":"wp","href":"https:\/\/api.w.org\/{rel}","templated":true}]}}